{"id":7700,"date":"2020-12-14T18:58:12","date_gmt":"2020-12-14T17:58:12","guid":{"rendered":"https:\/\/ms-consultores.es\/?p=7700"},"modified":"2023-06-08T23:54:29","modified_gmt":"2023-06-08T21:54:29","slug":"ayudas-para-las-memorias-de-sostenibilidad","status":"publish","type":"post","link":"https:\/\/ms-consultores.es\/index.php\/2020\/12\/14\/ayudas-para-las-memorias-de-sostenibilidad\/","title":{"rendered":"Ayudas para las memorias de sostenibilidad"},"content":{"rendered":"<p>Si elaboras memorias de sostenibilidad o quieres implantar una estrategia de Responsabilidad Social Corporativa en tu empresa, est\u00e1s de enhorabuena pues se ha abierto ya la convocatoria de ayudas para la preparaci\u00f3n de las memorias de sostenibilidad de 2021 que pueden llegar al 100% de subvenci\u00f3n.<\/p>\n<p>Si est\u00e1s interesado\/a, contacto con nosotros en info@ms-consultores.es y te ayudaremos!<\/p>\n<p>&nbsp;<\/p>\n","protected":false},"excerpt":{"rendered":"<p>Si elaboras memorias de sostenibilidad o quieres implantar una estrategia de Responsabilidad Social Corporativa en tu empresa, est\u00e1s de enhorabuena pues se ha abierto ya la convocatoria de ayudas para la preparaci\u00f3n de las memorias de sostenibilidad de 2021 que pueden llegar al 100% de subvenci\u00f3n. Si est\u00e1s interesado\/a, contacto con nosotros en info@ms-consultores.es y [&hellip;]<\/p>\n","protected":false},"author":2,"featured_media":7701,"comment_status":"open","ping_status":"open","sticky":false,"template":"","format":"standard","meta":[],"categories":[46],"tags":[],"yoast_head":"<!-- This site is optimized with the Yoast SEO plugin v21.5 - https:\/\/yoast.com\/wordpress\/plugins\/seo\/ -->\n<title>Ayudas para las memorias de sostenibilidad - MS Consultores<\/title>\n<meta name=\"description\" content=\"Obt\u00e9n ayudas para las memorias de sostenibilidad. Conf\u00eda en nuestra dilatada experiencia en sostenibilidad.\" \/>\n<meta name=\"robots\" content=\"index, follow, max-snippet:-1, max-image-preview:large, max-video-preview:-1\" \/>\n<link rel=\"canonical\" href=\"https:\/\/ms-consultores.es\/index.php\/2020\/12\/14\/ayudas-para-las-memorias-de-sostenibilidad\/\" \/>\n<meta property=\"og:locale\" content=\"es_ES\" \/>\n<meta property=\"og:type\" content=\"article\" \/>\n<meta property=\"og:title\" content=\"Ayudas para las memorias de sostenibilidad - MS Consultores\" \/>\n<meta property=\"og:description\" content=\"Obt\u00e9n ayudas para las memorias de sostenibilidad. Conf\u00eda en nuestra dilatada experiencia en sostenibilidad.\" \/>\n<meta property=\"og:url\" content=\"https:\/\/ms-consultores.es\/index.php\/2020\/12\/14\/ayudas-para-las-memorias-de-sostenibilidad\/\" \/>\n<meta property=\"og:site_name\" content=\"MS Consultores\" \/>\n<meta property=\"article:published_time\" content=\"2020-12-14T17:58:12+00:00\" \/>\n<meta property=\"article:modified_time\" content=\"2023-06-08T21:54:29+00:00\" \/>\n<meta property=\"og:image\" content=\"https:\/\/ms-consultores.es\/wp-content\/uploads\/2020\/12\/elix_portada_web.jpg\" \/>\n\t<meta property=\"og:image:width\" content=\"1973\" \/>\n\t<meta property=\"og:image:height\" content=\"993\" \/>\n\t<meta property=\"og:image:type\" content=\"image\/jpeg\" \/>\n<meta name=\"author\" content=\"Gemma Sanchis\" \/>\n<meta name=\"twitter:card\" content=\"summary_large_image\" \/>\n<meta name=\"twitter:label1\" content=\"Escrito por\" \/>\n\t<meta name=\"twitter:data1\" content=\"Gemma Sanchis\" \/>\n\t<meta name=\"twitter:label2\" content=\"Tiempo de lectura\" \/>\n\t<meta name=\"twitter:data2\" content=\"1 minuto\" \/>\n<script type=\"application\/ld+json\" class=\"yoast-schema-graph\">{\"@context\":\"https:\/\/schema.org\",\"@graph\":[{\"@type\":\"Article\",\"@id\":\"https:\/\/ms-consultores.es\/index.php\/2020\/12\/14\/ayudas-para-las-memorias-de-sostenibilidad\/#article\",\"isPartOf\":{\"@id\":\"https:\/\/ms-consultores.es\/index.php\/2020\/12\/14\/ayudas-para-las-memorias-de-sostenibilidad\/\"},\"author\":{\"name\":\"Gemma Sanchis\",\"@id\":\"https:\/\/ms-consultores.es\/#\/schema\/person\/576f5cc04bff09a251f535c82084517f\"},\"headline\":\"Ayudas para las memorias de sostenibilidad\",\"datePublished\":\"2020-12-14T17:58:12+00:00\",\"dateModified\":\"2023-06-08T21:54:29+00:00\",\"mainEntityOfPage\":{\"@id\":\"https:\/\/ms-consultores.es\/index.php\/2020\/12\/14\/ayudas-para-las-memorias-de-sostenibilidad\/\"},\"wordCount\":69,\"commentCount\":0,\"publisher\":{\"@id\":\"https:\/\/ms-consultores.es\/#organization\"},\"articleSection\":[\"RSC\"],\"inLanguage\":\"es\",\"potentialAction\":[{\"@type\":\"CommentAction\",\"name\":\"Comment\",\"target\":[\"https:\/\/ms-consultores.es\/index.php\/2020\/12\/14\/ayudas-para-las-memorias-de-sostenibilidad\/#respond\"]}]},{\"@type\":\"WebPage\",\"@id\":\"https:\/\/ms-consultores.es\/index.php\/2020\/12\/14\/ayudas-para-las-memorias-de-sostenibilidad\/\",\"url\":\"https:\/\/ms-consultores.es\/index.php\/2020\/12\/14\/ayudas-para-las-memorias-de-sostenibilidad\/\",\"name\":\"Ayudas para las memorias de sostenibilidad - MS Consultores\",\"isPartOf\":{\"@id\":\"https:\/\/ms-consultores.es\/#website\"},\"datePublished\":\"2020-12-14T17:58:12+00:00\",\"dateModified\":\"2023-06-08T21:54:29+00:00\",\"description\":\"Obt\u00e9n ayudas para las memorias de sostenibilidad. Conf\u00eda en nuestra dilatada experiencia en sostenibilidad.\",\"breadcrumb\":{\"@id\":\"https:\/\/ms-consultores.es\/index.php\/2020\/12\/14\/ayudas-para-las-memorias-de-sostenibilidad\/#breadcrumb\"},\"inLanguage\":\"es\",\"potentialAction\":[{\"@type\":\"ReadAction\",\"target\":[\"https:\/\/ms-consultores.es\/index.php\/2020\/12\/14\/ayudas-para-las-memorias-de-sostenibilidad\/\"]}]},{\"@type\":\"BreadcrumbList\",\"@id\":\"https:\/\/ms-consultores.es\/index.php\/2020\/12\/14\/ayudas-para-las-memorias-de-sostenibilidad\/#breadcrumb\",\"itemListElement\":[{\"@type\":\"ListItem\",\"position\":1,\"name\":\"Portada\",\"item\":\"https:\/\/ms-consultores.es\/\"},{\"@type\":\"ListItem\",\"position\":2,\"name\":\"Ayudas para las memorias de sostenibilidad\"}]},{\"@type\":\"WebSite\",\"@id\":\"https:\/\/ms-consultores.es\/#website\",\"url\":\"https:\/\/ms-consultores.es\/\",\"name\":\"MS-Consultores\",\"description\":\"\",\"publisher\":{\"@id\":\"https:\/\/ms-consultores.es\/#organization\"},\"potentialAction\":[{\"@type\":\"SearchAction\",\"target\":{\"@type\":\"EntryPoint\",\"urlTemplate\":\"https:\/\/ms-consultores.es\/?s={search_term_string}\"},\"query-input\":\"required name=search_term_string\"}],\"inLanguage\":\"es\"},{\"@type\":\"Organization\",\"@id\":\"https:\/\/ms-consultores.es\/#organization\",\"name\":\"MS-Consultores\",\"url\":\"https:\/\/ms-consultores.es\/\",\"logo\":{\"@type\":\"ImageObject\",\"inLanguage\":\"es\",\"@id\":\"https:\/\/ms-consultores.es\/#\/schema\/logo\/image\/\",\"url\":\"https:\/\/ms-consultores.es\/wp-content\/uploads\/2020\/07\/ms-consultores-logo-png.png\",\"contentUrl\":\"https:\/\/ms-consultores.es\/wp-content\/uploads\/2020\/07\/ms-consultores-logo-png.png\",\"width\":200,\"height\":200,\"caption\":\"MS-Consultores\"},\"image\":{\"@id\":\"https:\/\/ms-consultores.es\/#\/schema\/logo\/image\/\"}},{\"@type\":\"Person\",\"@id\":\"https:\/\/ms-consultores.es\/#\/schema\/person\/576f5cc04bff09a251f535c82084517f\",\"name\":\"Gemma Sanchis\",\"image\":{\"@type\":\"ImageObject\",\"inLanguage\":\"es\",\"@id\":\"https:\/\/ms-consultores.es\/#\/schema\/person\/image\/\",\"url\":\"https:\/\/secure.gravatar.com\/avatar\/9a91510f0a5c404014f8205eb1af7be0?s=96&d=mm&r=g\",\"contentUrl\":\"https:\/\/secure.gravatar.com\/avatar\/9a91510f0a5c404014f8205eb1af7be0?s=96&d=mm&r=g\",\"caption\":\"Gemma Sanchis\"}}]}<\/script>\n<!-- \/ Yoast SEO plugin. -->","yoast_head_json":{"title":"Ayudas para las memorias de sostenibilidad - MS Consultores","description":"Obt\u00e9n ayudas para las memorias de sostenibilidad. Conf\u00eda en nuestra dilatada experiencia en sostenibilidad.","robots":{"index":"index","follow":"follow","max-snippet":"max-snippet:-1","max-image-preview":"max-image-preview:large","max-video-preview":"max-video-preview:-1"},"canonical":"https:\/\/ms-consultores.es\/index.php\/2020\/12\/14\/ayudas-para-las-memorias-de-sostenibilidad\/","og_locale":"es_ES","og_type":"article","og_title":"Ayudas para las memorias de sostenibilidad - MS Consultores","og_description":"Obt\u00e9n ayudas para las memorias de sostenibilidad. Conf\u00eda en nuestra dilatada experiencia en sostenibilidad.","og_url":"https:\/\/ms-consultores.es\/index.php\/2020\/12\/14\/ayudas-para-las-memorias-de-sostenibilidad\/","og_site_name":"MS Consultores","article_published_time":"2020-12-14T17:58:12+00:00","article_modified_time":"2023-06-08T21:54:29+00:00","og_image":[{"width":1973,"height":993,"url":"https:\/\/ms-consultores.es\/wp-content\/uploads\/2020\/12\/elix_portada_web.jpg","type":"image\/jpeg"}],"author":"Gemma Sanchis","twitter_card":"summary_large_image","twitter_misc":{"Escrito por":"Gemma Sanchis","Tiempo de lectura":"1 minuto"},"schema":{"@context":"https:\/\/schema.org","@graph":[{"@type":"Article","@id":"https:\/\/ms-consultores.es\/index.php\/2020\/12\/14\/ayudas-para-las-memorias-de-sostenibilidad\/#article","isPartOf":{"@id":"https:\/\/ms-consultores.es\/index.php\/2020\/12\/14\/ayudas-para-las-memorias-de-sostenibilidad\/"},"author":{"name":"Gemma Sanchis","@id":"https:\/\/ms-consultores.es\/#\/schema\/person\/576f5cc04bff09a251f535c82084517f"},"headline":"Ayudas para las memorias de sostenibilidad","datePublished":"2020-12-14T17:58:12+00:00","dateModified":"2023-06-08T21:54:29+00:00","mainEntityOfPage":{"@id":"https:\/\/ms-consultores.es\/index.php\/2020\/12\/14\/ayudas-para-las-memorias-de-sostenibilidad\/"},"wordCount":69,"commentCount":0,"publisher":{"@id":"https:\/\/ms-consultores.es\/#organization"},"articleSection":["RSC"],"inLanguage":"es","potentialAction":[{"@type":"CommentAction","name":"Comment","target":["https:\/\/ms-consultores.es\/index.php\/2020\/12\/14\/ayudas-para-las-memorias-de-sostenibilidad\/#respond"]}]},{"@type":"WebPage","@id":"https:\/\/ms-consultores.es\/index.php\/2020\/12\/14\/ayudas-para-las-memorias-de-sostenibilidad\/","url":"https:\/\/ms-consultores.es\/index.php\/2020\/12\/14\/ayudas-para-las-memorias-de-sostenibilidad\/","name":"Ayudas para las memorias de sostenibilidad - MS Consultores","isPartOf":{"@id":"https:\/\/ms-consultores.es\/#website"},"datePublished":"2020-12-14T17:58:12+00:00","dateModified":"2023-06-08T21:54:29+00:00","description":"Obt\u00e9n ayudas para las memorias de sostenibilidad. Conf\u00eda en nuestra dilatada experiencia en sostenibilidad.","breadcrumb":{"@id":"https:\/\/ms-consultores.es\/index.php\/2020\/12\/14\/ayudas-para-las-memorias-de-sostenibilidad\/#breadcrumb"},"inLanguage":"es","potentialAction":[{"@type":"ReadAction","target":["https:\/\/ms-consultores.es\/index.php\/2020\/12\/14\/ayudas-para-las-memorias-de-sostenibilidad\/"]}]},{"@type":"BreadcrumbList","@id":"https:\/\/ms-consultores.es\/index.php\/2020\/12\/14\/ayudas-para-las-memorias-de-sostenibilidad\/#breadcrumb","itemListElement":[{"@type":"ListItem","position":1,"name":"Portada","item":"https:\/\/ms-consultores.es\/"},{"@type":"ListItem","position":2,"name":"Ayudas para las memorias de sostenibilidad"}]},{"@type":"WebSite","@id":"https:\/\/ms-consultores.es\/#website","url":"https:\/\/ms-consultores.es\/","name":"MS-Consultores","description":"","publisher":{"@id":"https:\/\/ms-consultores.es\/#organization"},"potentialAction":[{"@type":"SearchAction","target":{"@type":"EntryPoint","urlTemplate":"https:\/\/ms-consultores.es\/?s={search_term_string}"},"query-input":"required name=search_term_string"}],"inLanguage":"es"},{"@type":"Organization","@id":"https:\/\/ms-consultores.es\/#organization","name":"MS-Consultores","url":"https:\/\/ms-consultores.es\/","logo":{"@type":"ImageObject","inLanguage":"es","@id":"https:\/\/ms-consultores.es\/#\/schema\/logo\/image\/","url":"https:\/\/ms-consultores.es\/wp-content\/uploads\/2020\/07\/ms-consultores-logo-png.png","contentUrl":"https:\/\/ms-consultores.es\/wp-content\/uploads\/2020\/07\/ms-consultores-logo-png.png","width":200,"height":200,"caption":"MS-Consultores"},"image":{"@id":"https:\/\/ms-consultores.es\/#\/schema\/logo\/image\/"}},{"@type":"Person","@id":"https:\/\/ms-consultores.es\/#\/schema\/person\/576f5cc04bff09a251f535c82084517f","name":"Gemma Sanchis","image":{"@type":"ImageObject","inLanguage":"es","@id":"https:\/\/ms-consultores.es\/#\/schema\/person\/image\/","url":"https:\/\/secure.gravatar.com\/avatar\/9a91510f0a5c404014f8205eb1af7be0?s=96&d=mm&r=g","contentUrl":"https:\/\/secure.gravatar.com\/avatar\/9a91510f0a5c404014f8205eb1af7be0?s=96&d=mm&r=g","caption":"Gemma Sanchis"}}]}},"_links":{"self":[{"href":"https:\/\/ms-consultores.es\/index.php\/wp-json\/wp\/v2\/posts\/7700"}],"collection":[{"href":"https:\/\/ms-consultores.es\/index.php\/wp-json\/wp\/v2\/posts"}],"about":[{"href":"https:\/\/ms-consultores.es\/index.php\/wp-json\/wp\/v2\/types\/post"}],"author":[{"embeddable":true,"href":"https:\/\/ms-consultores.es\/index.php\/wp-json\/wp\/v2\/users\/2"}],"replies":[{"embeddable":true,"href":"https:\/\/ms-consultores.es\/index.php\/wp-json\/wp\/v2\/comments?post=7700"}],"version-history":[{"count":1,"href":"https:\/\/ms-consultores.es\/index.php\/wp-json\/wp\/v2\/posts\/7700\/revisions"}],"predecessor-version":[{"id":7702,"href":"https:\/\/ms-consultores.es\/index.php\/wp-json\/wp\/v2\/posts\/7700\/revisions\/7702"}],"wp:featuredmedia":[{"embeddable":true,"href":"https:\/\/ms-consultores.es\/index.php\/wp-json\/wp\/v2\/media\/7701"}],"wp:attachment":[{"href":"https:\/\/ms-consultores.es\/index.php\/wp-json\/wp\/v2\/media?parent=7700"}],"wp:term":[{"taxonomy":"category","embeddable":true,"href":"https:\/\/ms-consultores.es\/index.php\/wp-json\/wp\/v2\/categories?post=7700"},{"taxonomy":"post_tag","embeddable":true,"href":"https:\/\/ms-consultores.es\/index.php\/wp-json\/wp\/v2\/tags?post=7700"}],"curies":[{"name":"wp","href":"https:\/\/api.w.org\/{rel}","templated":true}]}}