{"id":7760,"date":"2023-05-02T10:02:54","date_gmt":"2023-05-02T08:02:54","guid":{"rendered":"https:\/\/ms-consultores.es\/?p=7760"},"modified":"2023-06-08T23:55:11","modified_gmt":"2023-06-08T21:55:11","slug":"congreso-diversidad-equidad-e-inclusion","status":"publish","type":"post","link":"https:\/\/ms-consultores.es\/index.php\/2023\/05\/02\/congreso-diversidad-equidad-e-inclusion\/","title":{"rendered":"Congreso Diversidad, Equidad e Inclusi\u00f3n"},"content":{"rendered":"<p>El pr\u00f3ximo 19 y 20 de mayo se celebrar\u00e1 en Alcoy el CONGRESO DIVERSIDAD, EQUIDAD E INCLUSI\u00d3N organizado por el Rotary Club Alcoy, en el que nosotros colaboramos.<\/p>\n<p>El Congreso tendr\u00e1 ponencias muy interesantes a cargo de Pilar Jeric\u00f3 y Sara Garc\u00eda Alonso y contar\u00e1 con mesas redondas con la visi\u00f3n de los empresarios<\/p>\n<p>Si est\u00e1s interesado en asistir, debes adquirir las entradas en ticketalcoi.com<\/p>\n","protected":false},"excerpt":{"rendered":"<p>El pr\u00f3ximo 19 y 20 de mayo se celebrar\u00e1 en Alcoy el CONGRESO DIVERSIDAD, EQUIDAD E INCLUSI\u00d3N organizado por el Rotary Club Alcoy, en el que nosotros colaboramos. El Congreso tendr\u00e1 ponencias muy interesantes a cargo de Pilar Jeric\u00f3 y Sara Garc\u00eda Alonso y contar\u00e1 con mesas redondas con la visi\u00f3n de los empresarios Si [&hellip;]<\/p>\n","protected":false},"author":2,"featured_media":7761,"comment_status":"open","ping_status":"open","sticky":false,"template":"","format":"standard","meta":[],"categories":[47],"tags":[],"yoast_head":"<!-- This site is optimized with the Yoast SEO plugin v21.5 - https:\/\/yoast.com\/wordpress\/plugins\/seo\/ -->\n<title>Congreso Diversidad, Equidad e Inclusi\u00f3n - MS Consultores<\/title>\n<meta name=\"description\" content=\"\u00danete al Congreso de Diversidad, Equidad e Inclusi\u00f3n. Descubre c\u00f3mo promovemos la diversidad en las empresas.\" \/>\n<meta name=\"robots\" content=\"index, follow, max-snippet:-1, max-image-preview:large, max-video-preview:-1\" \/>\n<link rel=\"canonical\" href=\"https:\/\/ms-consultores.es\/index.php\/2023\/05\/02\/congreso-diversidad-equidad-e-inclusion\/\" \/>\n<meta property=\"og:locale\" content=\"es_ES\" \/>\n<meta property=\"og:type\" content=\"article\" \/>\n<meta property=\"og:title\" content=\"Congreso Diversidad, Equidad e Inclusi\u00f3n - MS Consultores\" \/>\n<meta property=\"og:description\" content=\"\u00danete al Congreso de Diversidad, Equidad e Inclusi\u00f3n. Descubre c\u00f3mo promovemos la diversidad en las empresas.\" \/>\n<meta property=\"og:url\" content=\"https:\/\/ms-consultores.es\/index.php\/2023\/05\/02\/congreso-diversidad-equidad-e-inclusion\/\" \/>\n<meta property=\"og:site_name\" content=\"MS Consultores\" \/>\n<meta property=\"article:published_time\" content=\"2023-05-02T08:02:54+00:00\" \/>\n<meta property=\"article:modified_time\" content=\"2023-06-08T21:55:11+00:00\" \/>\n<meta property=\"og:image\" content=\"https:\/\/ms-consultores.es\/wp-content\/uploads\/2023\/05\/IMG-20230502-WA0001.jpg\" \/>\n\t<meta property=\"og:image:width\" content=\"724\" \/>\n\t<meta property=\"og:image:height\" content=\"1024\" \/>\n\t<meta property=\"og:image:type\" content=\"image\/jpeg\" \/>\n<meta name=\"author\" content=\"Gemma Sanchis\" \/>\n<meta name=\"twitter:card\" content=\"summary_large_image\" \/>\n<meta name=\"twitter:label1\" content=\"Escrito por\" \/>\n\t<meta name=\"twitter:data1\" content=\"Gemma Sanchis\" \/>\n\t<meta name=\"twitter:label2\" content=\"Tiempo de lectura\" \/>\n\t<meta name=\"twitter:data2\" content=\"1 minuto\" \/>\n<script type=\"application\/ld+json\" class=\"yoast-schema-graph\">{\"@context\":\"https:\/\/schema.org\",\"@graph\":[{\"@type\":\"Article\",\"@id\":\"https:\/\/ms-consultores.es\/index.php\/2023\/05\/02\/congreso-diversidad-equidad-e-inclusion\/#article\",\"isPartOf\":{\"@id\":\"https:\/\/ms-consultores.es\/index.php\/2023\/05\/02\/congreso-diversidad-equidad-e-inclusion\/\"},\"author\":{\"name\":\"Gemma Sanchis\",\"@id\":\"https:\/\/ms-consultores.es\/#\/schema\/person\/576f5cc04bff09a251f535c82084517f\"},\"headline\":\"Congreso Diversidad, Equidad e Inclusi\u00f3n\",\"datePublished\":\"2023-05-02T08:02:54+00:00\",\"dateModified\":\"2023-06-08T21:55:11+00:00\",\"mainEntityOfPage\":{\"@id\":\"https:\/\/ms-consultores.es\/index.php\/2023\/05\/02\/congreso-diversidad-equidad-e-inclusion\/\"},\"wordCount\":75,\"commentCount\":0,\"publisher\":{\"@id\":\"https:\/\/ms-consultores.es\/#organization\"},\"articleSection\":[\"Noticias MS\"],\"inLanguage\":\"es\",\"potentialAction\":[{\"@type\":\"CommentAction\",\"name\":\"Comment\",\"target\":[\"https:\/\/ms-consultores.es\/index.php\/2023\/05\/02\/congreso-diversidad-equidad-e-inclusion\/#respond\"]}]},{\"@type\":\"WebPage\",\"@id\":\"https:\/\/ms-consultores.es\/index.php\/2023\/05\/02\/congreso-diversidad-equidad-e-inclusion\/\",\"url\":\"https:\/\/ms-consultores.es\/index.php\/2023\/05\/02\/congreso-diversidad-equidad-e-inclusion\/\",\"name\":\"Congreso Diversidad, Equidad e Inclusi\u00f3n - MS Consultores\",\"isPartOf\":{\"@id\":\"https:\/\/ms-consultores.es\/#website\"},\"datePublished\":\"2023-05-02T08:02:54+00:00\",\"dateModified\":\"2023-06-08T21:55:11+00:00\",\"description\":\"\u00danete al Congreso de Diversidad, Equidad e Inclusi\u00f3n. Descubre c\u00f3mo promovemos la diversidad en las empresas.\",\"breadcrumb\":{\"@id\":\"https:\/\/ms-consultores.es\/index.php\/2023\/05\/02\/congreso-diversidad-equidad-e-inclusion\/#breadcrumb\"},\"inLanguage\":\"es\",\"potentialAction\":[{\"@type\":\"ReadAction\",\"target\":[\"https:\/\/ms-consultores.es\/index.php\/2023\/05\/02\/congreso-diversidad-equidad-e-inclusion\/\"]}]},{\"@type\":\"BreadcrumbList\",\"@id\":\"https:\/\/ms-consultores.es\/index.php\/2023\/05\/02\/congreso-diversidad-equidad-e-inclusion\/#breadcrumb\",\"itemListElement\":[{\"@type\":\"ListItem\",\"position\":1,\"name\":\"Portada\",\"item\":\"https:\/\/ms-consultores.es\/\"},{\"@type\":\"ListItem\",\"position\":2,\"name\":\"Congreso Diversidad, Equidad e Inclusi\u00f3n\"}]},{\"@type\":\"WebSite\",\"@id\":\"https:\/\/ms-consultores.es\/#website\",\"url\":\"https:\/\/ms-consultores.es\/\",\"name\":\"MS-Consultores\",\"description\":\"\",\"publisher\":{\"@id\":\"https:\/\/ms-consultores.es\/#organization\"},\"potentialAction\":[{\"@type\":\"SearchAction\",\"target\":{\"@type\":\"EntryPoint\",\"urlTemplate\":\"https:\/\/ms-consultores.es\/?s={search_term_string}\"},\"query-input\":\"required name=search_term_string\"}],\"inLanguage\":\"es\"},{\"@type\":\"Organization\",\"@id\":\"https:\/\/ms-consultores.es\/#organization\",\"name\":\"MS-Consultores\",\"url\":\"https:\/\/ms-consultores.es\/\",\"logo\":{\"@type\":\"ImageObject\",\"inLanguage\":\"es\",\"@id\":\"https:\/\/ms-consultores.es\/#\/schema\/logo\/image\/\",\"url\":\"https:\/\/ms-consultores.es\/wp-content\/uploads\/2020\/07\/ms-consultores-logo-png.png\",\"contentUrl\":\"https:\/\/ms-consultores.es\/wp-content\/uploads\/2020\/07\/ms-consultores-logo-png.png\",\"width\":200,\"height\":200,\"caption\":\"MS-Consultores\"},\"image\":{\"@id\":\"https:\/\/ms-consultores.es\/#\/schema\/logo\/image\/\"}},{\"@type\":\"Person\",\"@id\":\"https:\/\/ms-consultores.es\/#\/schema\/person\/576f5cc04bff09a251f535c82084517f\",\"name\":\"Gemma Sanchis\",\"image\":{\"@type\":\"ImageObject\",\"inLanguage\":\"es\",\"@id\":\"https:\/\/ms-consultores.es\/#\/schema\/person\/image\/\",\"url\":\"https:\/\/secure.gravatar.com\/avatar\/9a91510f0a5c404014f8205eb1af7be0?s=96&d=mm&r=g\",\"contentUrl\":\"https:\/\/secure.gravatar.com\/avatar\/9a91510f0a5c404014f8205eb1af7be0?s=96&d=mm&r=g\",\"caption\":\"Gemma Sanchis\"}}]}<\/script>\n<!-- \/ Yoast SEO plugin. -->","yoast_head_json":{"title":"Congreso Diversidad, Equidad e Inclusi\u00f3n - MS Consultores","description":"\u00danete al Congreso de Diversidad, Equidad e Inclusi\u00f3n. Descubre c\u00f3mo promovemos la diversidad en las empresas.","robots":{"index":"index","follow":"follow","max-snippet":"max-snippet:-1","max-image-preview":"max-image-preview:large","max-video-preview":"max-video-preview:-1"},"canonical":"https:\/\/ms-consultores.es\/index.php\/2023\/05\/02\/congreso-diversidad-equidad-e-inclusion\/","og_locale":"es_ES","og_type":"article","og_title":"Congreso Diversidad, Equidad e Inclusi\u00f3n - MS Consultores","og_description":"\u00danete al Congreso de Diversidad, Equidad e Inclusi\u00f3n. Descubre c\u00f3mo promovemos la diversidad en las empresas.","og_url":"https:\/\/ms-consultores.es\/index.php\/2023\/05\/02\/congreso-diversidad-equidad-e-inclusion\/","og_site_name":"MS Consultores","article_published_time":"2023-05-02T08:02:54+00:00","article_modified_time":"2023-06-08T21:55:11+00:00","og_image":[{"width":724,"height":1024,"url":"https:\/\/ms-consultores.es\/wp-content\/uploads\/2023\/05\/IMG-20230502-WA0001.jpg","type":"image\/jpeg"}],"author":"Gemma Sanchis","twitter_card":"summary_large_image","twitter_misc":{"Escrito por":"Gemma Sanchis","Tiempo de lectura":"1 minuto"},"schema":{"@context":"https:\/\/schema.org","@graph":[{"@type":"Article","@id":"https:\/\/ms-consultores.es\/index.php\/2023\/05\/02\/congreso-diversidad-equidad-e-inclusion\/#article","isPartOf":{"@id":"https:\/\/ms-consultores.es\/index.php\/2023\/05\/02\/congreso-diversidad-equidad-e-inclusion\/"},"author":{"name":"Gemma Sanchis","@id":"https:\/\/ms-consultores.es\/#\/schema\/person\/576f5cc04bff09a251f535c82084517f"},"headline":"Congreso Diversidad, Equidad e Inclusi\u00f3n","datePublished":"2023-05-02T08:02:54+00:00","dateModified":"2023-06-08T21:55:11+00:00","mainEntityOfPage":{"@id":"https:\/\/ms-consultores.es\/index.php\/2023\/05\/02\/congreso-diversidad-equidad-e-inclusion\/"},"wordCount":75,"commentCount":0,"publisher":{"@id":"https:\/\/ms-consultores.es\/#organization"},"articleSection":["Noticias MS"],"inLanguage":"es","potentialAction":[{"@type":"CommentAction","name":"Comment","target":["https:\/\/ms-consultores.es\/index.php\/2023\/05\/02\/congreso-diversidad-equidad-e-inclusion\/#respond"]}]},{"@type":"WebPage","@id":"https:\/\/ms-consultores.es\/index.php\/2023\/05\/02\/congreso-diversidad-equidad-e-inclusion\/","url":"https:\/\/ms-consultores.es\/index.php\/2023\/05\/02\/congreso-diversidad-equidad-e-inclusion\/","name":"Congreso Diversidad, Equidad e Inclusi\u00f3n - MS Consultores","isPartOf":{"@id":"https:\/\/ms-consultores.es\/#website"},"datePublished":"2023-05-02T08:02:54+00:00","dateModified":"2023-06-08T21:55:11+00:00","description":"\u00danete al Congreso de Diversidad, Equidad e Inclusi\u00f3n. Descubre c\u00f3mo promovemos la diversidad en las empresas.","breadcrumb":{"@id":"https:\/\/ms-consultores.es\/index.php\/2023\/05\/02\/congreso-diversidad-equidad-e-inclusion\/#breadcrumb"},"inLanguage":"es","potentialAction":[{"@type":"ReadAction","target":["https:\/\/ms-consultores.es\/index.php\/2023\/05\/02\/congreso-diversidad-equidad-e-inclusion\/"]}]},{"@type":"BreadcrumbList","@id":"https:\/\/ms-consultores.es\/index.php\/2023\/05\/02\/congreso-diversidad-equidad-e-inclusion\/#breadcrumb","itemListElement":[{"@type":"ListItem","position":1,"name":"Portada","item":"https:\/\/ms-consultores.es\/"},{"@type":"ListItem","position":2,"name":"Congreso Diversidad, Equidad e Inclusi\u00f3n"}]},{"@type":"WebSite","@id":"https:\/\/ms-consultores.es\/#website","url":"https:\/\/ms-consultores.es\/","name":"MS-Consultores","description":"","publisher":{"@id":"https:\/\/ms-consultores.es\/#organization"},"potentialAction":[{"@type":"SearchAction","target":{"@type":"EntryPoint","urlTemplate":"https:\/\/ms-consultores.es\/?s={search_term_string}"},"query-input":"required name=search_term_string"}],"inLanguage":"es"},{"@type":"Organization","@id":"https:\/\/ms-consultores.es\/#organization","name":"MS-Consultores","url":"https:\/\/ms-consultores.es\/","logo":{"@type":"ImageObject","inLanguage":"es","@id":"https:\/\/ms-consultores.es\/#\/schema\/logo\/image\/","url":"https:\/\/ms-consultores.es\/wp-content\/uploads\/2020\/07\/ms-consultores-logo-png.png","contentUrl":"https:\/\/ms-consultores.es\/wp-content\/uploads\/2020\/07\/ms-consultores-logo-png.png","width":200,"height":200,"caption":"MS-Consultores"},"image":{"@id":"https:\/\/ms-consultores.es\/#\/schema\/logo\/image\/"}},{"@type":"Person","@id":"https:\/\/ms-consultores.es\/#\/schema\/person\/576f5cc04bff09a251f535c82084517f","name":"Gemma Sanchis","image":{"@type":"ImageObject","inLanguage":"es","@id":"https:\/\/ms-consultores.es\/#\/schema\/person\/image\/","url":"https:\/\/secure.gravatar.com\/avatar\/9a91510f0a5c404014f8205eb1af7be0?s=96&d=mm&r=g","contentUrl":"https:\/\/secure.gravatar.com\/avatar\/9a91510f0a5c404014f8205eb1af7be0?s=96&d=mm&r=g","caption":"Gemma Sanchis"}}]}},"_links":{"self":[{"href":"https:\/\/ms-consultores.es\/index.php\/wp-json\/wp\/v2\/posts\/7760"}],"collection":[{"href":"https:\/\/ms-consultores.es\/index.php\/wp-json\/wp\/v2\/posts"}],"about":[{"href":"https:\/\/ms-consultores.es\/index.php\/wp-json\/wp\/v2\/types\/post"}],"author":[{"embeddable":true,"href":"https:\/\/ms-consultores.es\/index.php\/wp-json\/wp\/v2\/users\/2"}],"replies":[{"embeddable":true,"href":"https:\/\/ms-consultores.es\/index.php\/wp-json\/wp\/v2\/comments?post=7760"}],"version-history":[{"count":2,"href":"https:\/\/ms-consultores.es\/index.php\/wp-json\/wp\/v2\/posts\/7760\/revisions"}],"predecessor-version":[{"id":7772,"href":"https:\/\/ms-consultores.es\/index.php\/wp-json\/wp\/v2\/posts\/7760\/revisions\/7772"}],"wp:featuredmedia":[{"embeddable":true,"href":"https:\/\/ms-consultores.es\/index.php\/wp-json\/wp\/v2\/media\/7761"}],"wp:attachment":[{"href":"https:\/\/ms-consultores.es\/index.php\/wp-json\/wp\/v2\/media?parent=7760"}],"wp:term":[{"taxonomy":"category","embeddable":true,"href":"https:\/\/ms-consultores.es\/index.php\/wp-json\/wp\/v2\/categories?post=7760"},{"taxonomy":"post_tag","embeddable":true,"href":"https:\/\/ms-consultores.es\/index.php\/wp-json\/wp\/v2\/tags?post=7760"}],"curies":[{"name":"wp","href":"https:\/\/api.w.org\/{rel}","templated":true}]}}